{"id":623,"date":"2026-03-12T06:06:01","date_gmt":"2026-03-12T06:06:01","guid":{"rendered":"https:\/\/www.racontemoiunerecette.fr\/index.php\/2026\/03\/12\/top-chef-11-mars\/"},"modified":"2026-04-19T19:42:54","modified_gmt":"2026-04-19T19:42:54","slug":"top-chef-11-mars","status":"publish","type":"post","link":"https:\/\/www.racontemoiunerecette.fr\/index.php\/2026\/03\/12\/top-chef-11-mars\/","title":{"rendered":"\u00c9limination Top Chef : qui est parti ce 11 mars 2026 ?"},"content":{"rendered":"<p style='padding: 24px; background: lightblue;'>L&rsquo;essentiel \u00e0 retenir : ce mercredi 11 mars 2026, <strong>l&rsquo;aventure s&rsquo;arr\u00eate pour Ma\u00ebl et Sacha<\/strong> apr\u00e8s un duel iod\u00e9 fatal. Malgr\u00e9 une technique salu\u00e9e, le manque de prise de risque et des erreurs strat\u00e9giques sur le go\u00fbter de plage <strong>ont scell\u00e9 leur sort<\/strong>. \u00c0 seulement 23 ans, Ma\u00ebl, benjamin de cette saison 17 sans brigades, quitte pr\u00e9matur\u00e9ment le concours.<\/p>\n<p>Vous redoutez de voir votre candidat favori quitter les cuisines apr\u00e8s un duel sous haute tension ? L&rsquo;\u00e9pisode du 11 mars 2026 a scell\u00e9 le destin de deux cuisiniers lors d&rsquo;une soir\u00e9e riche en rebondissements maritimes. D\u00e9couvrez comment l&rsquo;absence de brigades a bouscul\u00e9 la comp\u00e9tition et pourquoi <strong>le parcours de Sacha et Ma\u00ebl s&rsquo;arr\u00eate net<\/strong> apr\u00e8s une \u00e9preuve iod\u00e9e fatale !<\/p>\n<h2 id=\"qui-a-quitte-aventure-top-chef-11-mars-2026\">Qui a quitt\u00e9 l&rsquo;aventure Top Chef ce mercredi 11 mars 2026 ?<\/h2>\n<p>Apr\u00e8s une soir\u00e9e riche en rebondissements maritimes, <strong>le verdict est tomb\u00e9<\/strong> pour l&rsquo;un des visages marquants de cette saison 17.<\/p>\n<h3>Ma\u00ebl : le clap de fin pour un candidat prometteur<\/h3>\n<p>Le 11 mars a marqu\u00e9 <strong>l&rsquo;\u00e9limination d\u00e9finitive de Ma\u00ebl<\/strong> apr\u00e8s un duel perdu. Le concours parall\u00e8le n&rsquo;a pas suffi \u00e0 le sauver. Sa veste blanche lui \u00e9chappe cette fois-ci. L&rsquo;aventure s&rsquo;arr\u00eate officiellement pour lui.<\/p>\n<p>Sa performance technique \u00e9tait pourtant solide. Mais l&rsquo;exigence des chefs a cr\u00e9\u00e9 un \u00e9cart fatal. Les d\u00e9tails ont fait la diff\u00e9rence. C&rsquo;est une <strong>sortie pr\u00e9coce pour ce profil<\/strong>.<\/p>\n<p>Ma\u00ebl quitte le concours avec les honneurs. Son talent est ind\u00e9niable. Pourtant, <strong>son parcours s&rsquo;arr\u00eate net aux portes de la suite<\/strong>.<\/p>\n<h3>Le verdict des chefs face au d\u00e9part de Ma\u00ebl<\/h3>\n<p>Philippe Etchebest et le jury ont salu\u00e9 son investissement. <strong>Malgr\u00e9 l&rsquo;\u00e9chec, son s\u00e9rieux<\/strong> a marqu\u00e9 les esprits. Le ton \u00e9tait vraiment solennel lors de l&rsquo;annonce. On sentait un profond respect.<\/p>\n<p>L&rsquo;\u00e9motion \u00e9tait visible chez ses anciens partenaires beiges. Dylan, Alexis et Viviana semblaient particuli\u00e8rement touch\u00e9s par ce d\u00e9part. L&rsquo;ambiance \u00e9tait lourde sur le plateau. <strong>On perd un vrai camarade de brigade<\/strong>.<\/p>\n<p>Cette tristesse rappelle l&rsquo; <a href=\"https:\/\/www.racontemoiunerecette.fr\/index.php\/2026\/03\/06\/top-chef-17-elimination\/\">\u00e9limination Top Chef : qui a quitt\u00e9 l&rsquo;aventure le 4 mars<\/a> dernier. Le niveau monte d&rsquo;un cran. Chaque <strong>d\u00e9part devient plus difficile \u00e0 encaisser<\/strong> pour le groupe.<\/p>\n<h2 id=\"naufrage-equipe-beige-epreuves-maritimes\">Le naufrage de l&rsquo;\u00e9quipe beige lors des \u00e9preuves maritimes<\/h2>\n<p>Si le <strong>d\u00e9nouement fut cruel<\/strong>, tout s&rsquo;est jou\u00e9 lors d&rsquo;une journ\u00e9e difficile au bord de la mer pour le clan beige.<\/p>\n<h3>Duel iod\u00e9 : quand la cuisson du poisson divise le jury<\/h3>\n<p><strong>L&rsquo;affrontement entre Dylan et Alexy<\/strong> a fait des \u00e9tincelles. Le chinchard \u00e9tait la star du jour. Les deux candidats ont pourtant propos\u00e9 des visions radicalement oppos\u00e9es. L&rsquo;un misait sur la technique, l&rsquo;autre sur l&rsquo;instinct.<\/p>\n<p>Les critiques sur l&rsquo;\u00e9quilibre des saveurs sont tomb\u00e9es. Certains chefs ont franchement d\u00e9plor\u00e9 un <strong>manque de pep&rsquo;s<\/strong>. Les textures n&rsquo;ont clairement pas fait l&rsquo;unanimit\u00e9 aupr\u00e8s des huit jur\u00e9s pr\u00e9sents sur la plage.<\/p>\n<p><strong>Ma\u00eetriser ce produit exige une pr\u00e9cision chirurgicale<\/strong>. Pour briller, d\u00e9couvrez <a href=\"https:\/\/www.racontemoiunerecette.fr\/index.php\/2025\/12\/19\/cuisiner-les-fruits-de-mer-de-maniere-raffinee\/\">comment cuisiner le poisson pour les f\u00eates de fin d&rsquo;ann\u00e9e ? \u2013 blog &#8230;<\/a>. C&rsquo;est un d\u00e9fi technique redoutable pour tout cuisinier.<\/p>\n<h3>L&rsquo;\u00e9chec du go\u00fbter de plage : l&rsquo;erreur fatale de Sacha et Viviana<\/h3>\n<p>Sacha et Viviana ont tent\u00e9 un pari tr\u00e8s risqu\u00e9. Ils ont choisi de ne pas frire leur beignet. Cette absence de friture a <strong>lourdement p\u00e9nalis\u00e9 leur score final<\/strong> aupr\u00e8s du jury.<\/p>\n<p>Leur assiette a souffert de la comparaison avec la gaufre adverse. L\u00e9a et Aboubakar ont s\u00e9duit avec une proposition iod\u00e9e plus gourmande. Le <strong>contraste visuel et gustatif \u00e9tait flagrant<\/strong>.<\/p>\n<p>Revoyez ce lancement dans le <a href=\"https:\/\/www.racontemoiunerecette.fr\/index.php\/2026\/03\/05\/resume-top-chef-saison-17-episode-1-4-mars-2026\/\">r\u00e9sum\u00e9 Top Chef \u2022 saison 17, \u00e9pisode 1 (4 mars 2026)<\/a>. L&rsquo;article d\u00e9taille <strong>l&rsquo;\u00e9limination d&rsquo;un candidat<\/strong> lors de l&rsquo;\u00e9pisode de la saison 17 de Top Chef diffus\u00e9 le mercredi 11 mars 2026 sur M6. Les erreurs strat\u00e9giques se paient cash.<\/p>\n<h2 id=\"2-candidats-pour-une-veste-blanche-en-rattrapage\">2 candidats pour une seule veste blanche en \u00e9preuve de rattrapage<\/h2>\n<p>Pour sauver leur place, les deux perdants ont d\u00fb <strong>s&rsquo;affronter dans un face-\u00e0-face technique<\/strong> sous haute tension.<\/p>\n<h3>Le coup d&rsquo;\u00e9clat de Sacha sur la bouch\u00e9e \u00e0 la reine<\/h3>\n<p>Sacha a tout mis\u00e9 sur une r\u00e9interpr\u00e9tation moderne de la bouch\u00e9e \u00e0 la reine. Son plan ? <strong>Surprendre Fran\u00e7ois-R\u00e9gis Gaudry avec un visuel percutant<\/strong>. Il voulait prouver sa place dans ce concours si singulier.<\/p>\n<p>Le feuilletage et la sauce ont bluff\u00e9 Yoann Conte et Fabien Ferr\u00e9. La pr\u00e9cision technique \u00e9tait chirurgicale dans son assiette. <strong>Les chefs ont salu\u00e9 cette ma\u00eetrise<\/strong> lors de la d\u00e9gustation finale.<\/p>\n<p>Ce succ\u00e8s permet \u00e0 <strong>Sacha de r\u00e9int\u00e9grer officiellement la comp\u00e9tition<\/strong>. Il r\u00e9cup\u00e8re sa veste blanche in extremis. C&rsquo;est un soulagement immense pour le candidat.<\/p>\n<h3>Pourquoi Ma\u00ebl a manqu\u00e9 de peu sa qualification<\/h3>\n<p>La recette de Ma\u00ebl manquait cruellement de relief face \u00e0 l&rsquo;audace de Sacha. Le jury a point\u00e9 des d\u00e9tails d&rsquo;ex\u00e9cution moins convaincants. Sa proposition n&rsquo;a <strong>pas suffi \u00e0 faire pencher la balance<\/strong>.<\/p>\n<p>Son manque de confiance a frein\u00e9 sa cr\u00e9ativit\u00e9 durant les pr\u00e9paratifs. Ce doute constant l&rsquo;a emp\u00each\u00e9 de prendre les risques n\u00e9cessaires. Au moment crucial, <strong>l&rsquo;h\u00e9sitation s&rsquo;est ressentie dans son dressage<\/strong>.<\/p>\n<p>L&rsquo;article d\u00e9taille l&rsquo;<strong>\u00e9limination d&rsquo;un candidat<\/strong> lors de l&rsquo;\u00e9pisode de la saison 17 de Top Chef diffus\u00e9 le mercredi 11 mars 2026 sur M6. Pour comprendre ce niveau d&rsquo;exigence, voyez <a href=\"https:\/\/www.racontemoiunerecette.fr\/index.php\/2026\/02\/27\/actu-gagnants-top-chef\/\">le parcours des anciens gagnants Top Chef<\/a>. G\u00e9rer une telle pression reste un d\u00e9fi colossal.<\/p>\n<h2 id=\"lecons-techniques-tirer-troisieme-episode\">Les le\u00e7ons techniques \u00e0 tirer de ce troisi\u00e8me \u00e9pisode<\/h2>\n<p>Au-del\u00e0 du suspense, cet \u00e9pisode a offert de <strong>pr\u00e9cieux enseignements culinaires<\/strong> pour tous les passionn\u00e9s de gastronomie.<\/p>\n<h3>L&rsquo;astuce du chef : utiliser l&rsquo;int\u00e9gralit\u00e9 du poisson<\/h3>\n<p>Lors de l&rsquo;\u00e9preuve maritime, Alexy a brill\u00e9 par sa gestion du produit. Il a valoris\u00e9 chaque partie du poisson, incluant ar\u00eates et abats. Cette approche anti-gaspillage <strong>transforme des restes en v\u00e9ritables tr\u00e9sors gustatifs<\/strong>. C&rsquo;est une technique redoutable d&rsquo;efficacit\u00e9.<\/p>\n<p>Pour reproduire cela, ne jetez plus vos parures. Il suffit de les torr\u00e9fier pour cr\u00e9er un fond ultra puissant. <strong>Le go\u00fbt de vos sauces sera d\u00e9cupl\u00e9<\/strong> sans d\u00e9penser un centime de plus. C&rsquo;est simple et radicalement savoureux.<\/p>\n<p>Une bonne pr\u00e9paration demande toutefois les bons outils. Pour <strong>r\u00e9ussir vos jus<\/strong>, consultez cet <a href=\"https:\/\/www.racontemoiunerecette.fr\/index.php\/2024\/01\/16\/avis-consomateur-darty-boulanger\/\">avis sur l&rsquo;\u00e9quipement de cuisine<\/a> indispensable. S&rsquo;\u00e9quiper correctement aide vraiment \u00e0 ma\u00eetriser ces bases techniques essentielles.<\/p>\n<h3>L&rsquo;impact de la suppression des brigades sur la comp\u00e9tition<\/h3>\n<p>Cette saison 17 bouscule tout avec la fin des brigades. Sans chef pour les guider, les candidats cuisinent sans garde-fou. Cette solitude forc\u00e9e pousse chacun vers une audace in\u00e9dite. <strong>Le talent brut s&rsquo;exprime enfin librement<\/strong>.<\/p>\n<p>Pour les huit rescap\u00e9s, la suite s&rsquo;annonce \u00e9lectrique. <strong>La comp\u00e9tition devient individuelle et terriblement f\u00e9roce<\/strong>. Sans filet de s\u00e9curit\u00e9, la moindre erreur de jugement se paie d\u00e9sormais cash. Le niveau d&rsquo;exigence grimpe d&rsquo;un cran.<\/p>\n<p>Ces nouvelles r\u00e8gles chamboulent totalement les codes habituels. Pour suivre l&rsquo;\u00e9volution de ces <a href=\"https:\/\/www.racontemoiunerecette.fr\/index.php\/category\/tendances\/\">tendances &#8211; blog de cuisine<\/a>, restez attentifs aux prochaines \u00e9preuves. L&rsquo;article d\u00e9taille <strong>l&rsquo;\u00e9limination d&rsquo;un candidat lors de l&rsquo;\u00e9pisode de la saison 17 de Top Chef<\/strong> diffus\u00e9 le mercredi 11 mars 2026 sur M6.<\/p>\n<p>Le d\u00e9part de Ma\u00ebl et Sacha marque un tournant technique majeur dans cette saison 17 sans brigades. Entre ma\u00eetrise du chinchard et audace sur la bouch\u00e9e iod\u00e9e, l&rsquo;exigence des chefs ne pardonne plus aucune h\u00e9sitation. Pr\u00e9parez vos propres fourneaux, car <strong>la comp\u00e9tition s&rsquo;intensifie<\/strong> d\u00e8s mercredi prochain pour les huit rescap\u00e9s !<\/p>\n<h2>FAQ<\/h2>\n<h3>Qui a \u00e9t\u00e9 \u00e9limin\u00e9 de Top Chef lors de l&rsquo;\u00e9pisode du 11 mars 2026 ?<\/h3>\n<p>C&rsquo;est un v\u00e9ritable coup de tonnerre pour l&rsquo;\u00e9quipe beige ! Lors de cette soir\u00e9e riche en embruns au Touquet, ce ne sont pas un, mais <strong>deux candidats qui ont d\u00fb rendre leur tablier<\/strong>. Ma\u00ebl et Sacha ont malheureusement quitt\u00e9 l&rsquo;aventure apr\u00e8s une \u00e9preuve de la \u00ab\u00a0bouch\u00e9e iod\u00e9e\u00a0\u00bb particuli\u00e8rement redoutable.<\/p>\n<p>Si Sacha a pay\u00e9 le prix d&rsquo;un manque d&rsquo;\u00e9quilibre flagrant dans sa proposition, Ma\u00ebl a \u00e9t\u00e9 sanctionn\u00e9 pour une trop grande prudence technique. <strong>Une double \u00e9limination qui prouve<\/strong> que dans cette saison 17, le moindre aveu de faiblesse ne pardonne pas !<\/p>\n<h3>Quelles \u00e9taient les \u00e9preuves au programme ce mercredi 11 mars ?<\/h3>\n<p>Le jury nous a r\u00e9serv\u00e9 un <strong>programme 100 % maritime pour tester la cr\u00e9ativit\u00e9 de nos chefs<\/strong> ! Les candidats se sont affront\u00e9s sur trois th\u00e8mes embl\u00e9matiques : la sublimation du poisson grill\u00e9, une revisite gastronomique des c\u00e9l\u00e8bres moules-frites, et enfin un d\u00e9fi audacieux consistant \u00e0 r\u00e9inventer le go\u00fbter de plage.<\/p>\n<p>Chaque duel \u00e9tait crucial pour accumuler des points. Si Alexy a brill\u00e9 sur le chinchard, <strong>l&rsquo;\u00e9quipe rouge a finalement pris le dessus<\/strong> gr\u00e2ce \u00e0 la gaufre iod\u00e9e de L\u00e9a et Aboubakar, envoyant ainsi tout le clan beige en \u00e9preuve de rattrapage.<\/p>\n<h3>Pourquoi Ma\u00ebl a-t-il \u00e9t\u00e9 \u00e9limin\u00e9 par le jury ?<\/h3>\n<p>C&rsquo;est la question que tout le monde se pose ! Ma\u00ebl, pourtant auteur d&rsquo;une belle prestation sur les moules-frites au vin jaune, <strong>a sembl\u00e9 perdre pied lors de l&rsquo;ultime face-\u00e0-face<\/strong>. Le jury a estim\u00e9 qu&rsquo;il n&rsquo;avait pas pris assez de risques lors de la cr\u00e9ation de sa bouch\u00e9e gastronomique iod\u00e9e.<\/p>\n<p>Malgr\u00e9 des retours globalement positifs sur sa technique tout au long de la journ\u00e9e, son manque de confiance et une proposition finale jug\u00e9e trop timide face \u00e0 l&rsquo;enjeu ont scell\u00e9 son destin. Il <strong>quitte la comp\u00e9tition aux portes de la suite<\/strong>, laissant ses camarades de l&rsquo;\u00e9quipe beige sous le choc.<\/p>\n<h3>Comment s&rsquo;est d\u00e9roul\u00e9e l&rsquo;\u00e9preuve de la bouch\u00e9e iod\u00e9e pour Sacha ?<\/h3>\n<p>Pour Sacha, l&rsquo;aventure s&rsquo;est arr\u00eat\u00e9e net sur une erreur de dosage fatale. Sa bouch\u00e9e iod\u00e9e, cens\u00e9e concentrer l&rsquo;essence de la mer, a \u00e9t\u00e9 jug\u00e9e trop forte en bouche et d\u00e9s\u00e9quilibr\u00e9e par les chefs. Cette contre-performance l&rsquo;a plac\u00e9e en toute derni\u00e8re position du classement.<\/p>\n<p>C&rsquo;est une issue cruelle pour la candidate qui, plus t\u00f4t dans l&rsquo;\u00e9pisode, avait d\u00e9j\u00e0 manqu\u00e9 le coche lors du go\u00fbter de plage en oubliant de frire son beignet. Ces erreurs strat\u00e9giques successives ont malheureusement rendu <strong>son \u00e9limination in\u00e9vitable<\/strong> ce 11 mars.<\/p>\n<h3>Quels sont les changements majeurs de cette saison 17 de Top Chef ?<\/h3>\n<p>Vous l&rsquo;avez sans doute remarqu\u00e9, cette saison 17 bouleverse tous les codes ! La grande nouveaut\u00e9 r\u00e9side dans la <strong>suppression des brigades traditionnelles<\/strong>. Les candidats ne sont plus guid\u00e9s par un chef attitr\u00e9, ce qui change radicalement la dynamique du concours et pousse chacun \u00e0 puiser dans ses propres ressources.<\/p>\n<p>Sans ce filet de s\u00e9curit\u00e9, la comp\u00e9tition devient beaucoup plus individuelle et f\u00e9roce. On l&rsquo;a vu ce mercredi : le moindre doute peut conduire \u00e0 une <strong>\u00e9limination imm\u00e9diate<\/strong>, car les chefs attendent d\u00e9sormais une signature culinaire affirm\u00e9e et une autonomie totale d\u00e8s les premi\u00e8res semaines.<\/p>\n<p><script type=\"application\/ld+json\">\n[\n  {\n    \"@context\": \"https:\/\/schema.org\",\n    \"@type\": \"Article\",\n    \"headline\": \"\u00c9limination Top Chef : qui est parti ce 11 mars 2026 ?\",\n    \"description\": \"L'article d\u00e9taille l'\u00e9limination de Ma\u00ebl et Sacha lors de l'\u00e9pisode de la saison 17 de Top Chef diffus\u00e9 le mercredi 11 mars 2026 sur M6.\",\n    \"inLanguage\": \"fr\",\n    \"articleSection\": \"Top Chef Saison 17\",\n    \"abstract\": \"Ce mercredi 11 mars 2026, l'aventure s'arr\u00eate pour Ma\u00ebl et Sacha apr\u00e8s un duel iod\u00e9 fatal. Malgr\u00e9 une technique salu\u00e9e, le manque de prise de risque et des erreurs strat\u00e9giques sur le go\u00fbter de plage ont scell\u00e9 leur sort.\"\n  },\n  {\n    \"@context\": \"https:\/\/schema.org\",\n    \"@type\": \"FAQPage\",\n    \"mainEntity\": [\n      {\n        \"@type\": \"Question\",\n        \"name\": \"Qui a \u00e9t\u00e9 \u00e9limin\u00e9 de Top Chef lors de l'\u00e9pisode du 11 mars 2026 ?\",\n        \"acceptedAnswer\": {\n          \"@type\": \"Answer\",\n          \"text\": \"Ma\u00ebl et Sacha ont malheureusement quitt\u00e9 l'aventure apr\u00e8s une \u00e9preuve de la \\\"bouch\u00e9e iod\u00e9e\\\" particuli\u00e8rement redoutable. Ma\u00ebl a \u00e9t\u00e9 sanctionn\u00e9 pour une trop grande prudence technique tandis que Sacha a pay\u00e9 le prix d'un manque d'\u00e9quilibre flagrant.\"\n        }\n      },\n      {\n        \"@type\": \"Question\",\n        \"name\": \"Quelles \u00e9taient les \u00e9preuves au programme ce mercredi 11 mars ?\",\n        \"acceptedAnswer\": {\n          \"@type\": \"Answer\",\n          \"text\": \"Les candidats se sont affront\u00e9s sur trois th\u00e8mes maritimes : la sublimation du poisson grill\u00e9 (le chinchard), une revisite gastronomique des moules-frites, et un d\u00e9fi consistant \u00e0 r\u00e9inventer le go\u00fbter de plage.\"\n        }\n      },\n      {\n        \"@type\": \"Question\",\n        \"name\": \"Pourquoi Ma\u00ebl a-t-il \u00e9t\u00e9 \u00e9limin\u00e9 par le jury ?\",\n        \"acceptedAnswer\": {\n          \"@type\": \"Answer\",\n          \"text\": \"Le jury a estim\u00e9 qu'il n'avait pas pris assez de risques lors de la cr\u00e9ation de sa bouch\u00e9e gastronomique iod\u00e9e. Son manque de confiance et une proposition finale jug\u00e9e trop timide face \u00e0 l'enjeu ont scell\u00e9 son destin.\"\n        }\n      },\n      {\n        \"@type\": \"Question\",\n        \"name\": \"Comment s'est d\u00e9roul\u00e9e l'\u00e9preuve de la bouch\u00e9e iod\u00e9e pour Sacha ?\",\n        \"acceptedAnswer\": {\n          \"@type\": \"Answer\",\n          \"text\": \"Pour Sacha, l'aventure s'est arr\u00eat\u00e9e sur une erreur de dosage fatale. Sa bouch\u00e9e iod\u00e9e a \u00e9t\u00e9 jug\u00e9e trop forte en bouche et d\u00e9s\u00e9quilibr\u00e9e par les chefs, la pla\u00e7ant en derni\u00e8re position.\"\n        }\n      },\n      {\n        \"@type\": \"Question\",\n        \"name\": \"Quels sont les changements majeurs de cette saison 17 de Top Chef ?\",\n        \"acceptedAnswer\": {\n          \"@type\": \"Answer\",\n          \"text\": \"La grande nouveaut\u00e9 est la suppression des brigades traditionnelles. Les candidats ne sont plus guid\u00e9s par un chef attitr\u00e9, rendant la comp\u00e9tition plus individuelle et f\u00e9roce.\"\n        }\n      }\n    ]\n  }\n]\n<\/script><\/p>\n","protected":false},"excerpt":{"rendered":"<p>L&rsquo;essentiel \u00e0 retenir : ce mercredi 11 mars 2026, l&rsquo;aventure s&rsquo;arr\u00eate pour Ma\u00ebl et Sacha apr\u00e8s un duel iod\u00e9 fatal. Malgr\u00e9 une technique salu\u00e9e, le manque de prise de risque et des erreurs strat\u00e9giques sur le go\u00fbter de plage ont scell\u00e9 leur sort. \u00c0 seulement 23 ans, Ma\u00ebl, benjamin de cette saison 17 sans brigades, [&hellip;]<\/p>\n","protected":false},"author":1,"featured_media":611,"comment_status":"closed","ping_status":"open","sticky":false,"template":"","format":"standard","meta":{"footnotes":""},"categories":[312],"tags":[],"class_list":["post-623","post","type-post","status-publish","format-standard","has-post-thumbnail","hentry","category-tendances"],"blocksy_meta":[],"_links":{"self":[{"href":"https:\/\/www.racontemoiunerecette.fr\/index.php\/wp-json\/wp\/v2\/posts\/623","targetHints":{"allow":["GET"]}}],"collection":[{"href":"https:\/\/www.racontemoiunerecette.fr\/index.php\/wp-json\/wp\/v2\/posts"}],"about":[{"href":"https:\/\/www.racontemoiunerecette.fr\/index.php\/wp-json\/wp\/v2\/types\/post"}],"author":[{"embeddable":true,"href":"https:\/\/www.racontemoiunerecette.fr\/index.php\/wp-json\/wp\/v2\/users\/1"}],"replies":[{"embeddable":true,"href":"https:\/\/www.racontemoiunerecette.fr\/index.php\/wp-json\/wp\/v2\/comments?post=623"}],"version-history":[{"count":1,"href":"https:\/\/www.racontemoiunerecette.fr\/index.php\/wp-json\/wp\/v2\/posts\/623\/revisions"}],"predecessor-version":[{"id":624,"href":"https:\/\/www.racontemoiunerecette.fr\/index.php\/wp-json\/wp\/v2\/posts\/623\/revisions\/624"}],"wp:featuredmedia":[{"embeddable":true,"href":"https:\/\/www.racontemoiunerecette.fr\/index.php\/wp-json\/wp\/v2\/media\/611"}],"wp:attachment":[{"href":"https:\/\/www.racontemoiunerecette.fr\/index.php\/wp-json\/wp\/v2\/media?parent=623"}],"wp:term":[{"taxonomy":"category","embeddable":true,"href":"https:\/\/www.racontemoiunerecette.fr\/index.php\/wp-json\/wp\/v2\/categories?post=623"},{"taxonomy":"post_tag","embeddable":true,"href":"https:\/\/www.racontemoiunerecette.fr\/index.php\/wp-json\/wp\/v2\/tags?post=623"}],"curies":[{"name":"wp","href":"https:\/\/api.w.org\/{rel}","templated":true}]}}